{"id":1092,"date":"2020-11-19T16:38:00","date_gmt":"2020-11-19T15:38:00","guid":{"rendered":"https:\/\/auf-reede-greetsiel.de\/?p=1092"},"modified":"2020-12-05T16:40:24","modified_gmt":"2020-12-05T15:40:24","slug":"ferienhaus-upgrade-2020-die-erste","status":"publish","type":"post","link":"https:\/\/auf-reede-greetsiel.de\/?p=1092","title":{"rendered":"Ferienhaus &#8211; Upgrade 2020, die Erste"},"content":{"rendered":"\n<p>Und wieder neigt sich die Saison dem Ende zu. In diesem Jahr mit den verordneten Entschleunigungen hatten wir gen\u00fcgend Zeit uns Gedanken zu den n\u00e4chsten \u00c4nderungen an unserem Ferienhaus zu machen. Jetzt steht die Umsetzung an:<\/p>\n\n\n\n<div class=\"wp-block-media-text alignwide is-stacked-on-mobile\"><figure class=\"wp-block-media-text__media\"><img loading=\"lazy\" decoding=\"async\" width=\"800\" height=\"800\" src=\"https:\/\/auf-reede-greetsiel.de\/wp-content\/uploads\/2020\/12\/Klimaanlage.jpg\" alt=\"\" class=\"wp-image-1093\" srcset=\"https:\/\/auf-reede-greetsiel.de\/wp-content\/uploads\/2020\/12\/Klimaanlage.jpg 800w, https:\/\/auf-reede-greetsiel.de\/wp-content\/uploads\/2020\/12\/Klimaanlage-300x300.jpg 300w, https:\/\/auf-reede-greetsiel.de\/wp-content\/uploads\/2020\/12\/Klimaanlage-150x150.jpg 150w, https:\/\/auf-reede-greetsiel.de\/wp-content\/uploads\/2020\/12\/Klimaanlage-768x768.jpg 768w, https:\/\/auf-reede-greetsiel.de\/wp-content\/uploads\/2020\/12\/Klimaanlage-270x270.jpg 270w\" sizes=\"auto, (max-width: 800px) 100vw, 800px\" \/><\/figure><div class=\"wp-block-media-text__content\">\n<p class=\"has-medium-font-size\">Sommer, Sonne, Sonnenschein&#8230;. <br>                             &#8230; wir sind daf\u00fcr bereit \ud83d\ude42<\/p>\n\n\n\n<p>Wer kennt es nicht?! Tags\u00fcber freut man sich \u00fcber das tolle Wetter, genie\u00dft die Sonne &#8211; und nachts kommt man wegen der W\u00e4rme nicht in den Schlaf.<\/p>\n\n\n\n<p>Unsere beiden Schlafzimmer haben wir deswegen jetzt mit Split-Klimager\u00e4ten ausgestattet. <\/p>\n\n\n\n<p>Bei dem Vor-Ort-Termin mit dem Klimaanlagenbauer hat sich gl\u00fccklicherweise ein Pl\u00e4tzchen f\u00fcr die Wandger\u00e4te gefunden. Die Ger\u00e4te wurden so platziert, dass der Luftzug nicht direkt auf die Betten gerichtet ist. Zus\u00e4tzlich oder alternativ besteht aber auch weiterhin die M\u00f6glichkeit die vorhandenen Standventilatoren zu nutzen.<\/p>\n\n\n\n<p>Der n\u00e4chste Sommer kann kommen!<\/p>\n<\/div><\/div>\n\n\n\n<p><\/p>\n","protected":false},"excerpt":{"rendered":"<p>Und wieder neigt sich die Saison dem Ende zu. In diesem Jahr mit den verordneten Entschleunigungen hatten wir gen\u00fcgend Zeit uns Gedanken zu den n\u00e4chsten \u00c4nderungen an unserem Ferienhaus zu machen. Jetzt steht die Umsetzung an: Sommer, Sonne, Sonnenschein&#8230;. &#8230;<\/p>\n","protected":false},"author":1,"featured_media":0,"comment_status":"open","ping_status":"open","sticky":false,"template":"","format":"standard","meta":{"footnotes":""},"categories":[9],"tags":[20,24,25,26],"class_list":["post-1092","post","type-post","status-publish","format-standard","hentry","category-einrichtung","tag-feedback","tag-klimaanlage","tag-schlafen","tag-schlafzimmer"],"_links":{"self":[{"href":"https:\/\/auf-reede-greetsiel.de\/index.php?rest_route=\/wp\/v2\/posts\/1092","targetHints":{"allow":["GET"]}}],"collection":[{"href":"https:\/\/auf-reede-greetsiel.de\/index.php?rest_route=\/wp\/v2\/posts"}],"about":[{"href":"https:\/\/auf-reede-greetsiel.de\/index.php?rest_route=\/wp\/v2\/types\/post"}],"author":[{"embeddable":true,"href":"https:\/\/auf-reede-greetsiel.de\/index.php?rest_route=\/wp\/v2\/users\/1"}],"replies":[{"embeddable":true,"href":"https:\/\/auf-reede-greetsiel.de\/index.php?rest_route=%2Fwp%2Fv2%2Fcomments&post=1092"}],"version-history":[{"count":1,"href":"https:\/\/auf-reede-greetsiel.de\/index.php?rest_route=\/wp\/v2\/posts\/1092\/revisions"}],"predecessor-version":[{"id":1094,"href":"https:\/\/auf-reede-greetsiel.de\/index.php?rest_route=\/wp\/v2\/posts\/1092\/revisions\/1094"}],"wp:attachment":[{"href":"https:\/\/auf-reede-greetsiel.de\/index.php?rest_route=%2Fwp%2Fv2%2Fmedia&parent=1092"}],"wp:term":[{"taxonomy":"category","embeddable":true,"href":"https:\/\/auf-reede-greetsiel.de\/index.php?rest_route=%2Fwp%2Fv2%2Fcategories&post=1092"},{"taxonomy":"post_tag","embeddable":true,"href":"https:\/\/auf-reede-greetsiel.de\/index.php?rest_route=%2Fwp%2Fv2%2Ftags&post=1092"}],"curies":[{"name":"wp","href":"https:\/\/api.w.org\/{rel}","templated":true}]}}