{"id":1096,"date":"2020-11-27T17:59:00","date_gmt":"2020-11-27T16:59:00","guid":{"rendered":"https:\/\/auf-reede-greetsiel.de\/?p=1096"},"modified":"2020-12-05T18:28:03","modified_gmt":"2020-12-05T17:28:03","slug":"ferienhaus-upgrade-2020-die-zweite","status":"publish","type":"post","link":"https:\/\/auf-reede-greetsiel.de\/?p=1096","title":{"rendered":"Ferienhaus &#8211; Upgrade 2020, die Zweite"},"content":{"rendered":"\n<p>Und dann ist da noch das zweite Projekt: <\/p>\n\n\n\n<div class=\"wp-block-media-text alignwide is-stacked-on-mobile\"><figure class=\"wp-block-media-text__media\"><img loading=\"lazy\" decoding=\"async\" width=\"683\" height=\"1024\" src=\"https:\/\/auf-reede-greetsiel.de\/wp-content\/uploads\/2020\/12\/Zaun-683x1024.jpg\" alt=\"\" class=\"wp-image-1097\" srcset=\"https:\/\/auf-reede-greetsiel.de\/wp-content\/uploads\/2020\/12\/Zaun-683x1024.jpg 683w, https:\/\/auf-reede-greetsiel.de\/wp-content\/uploads\/2020\/12\/Zaun-200x300.jpg 200w, https:\/\/auf-reede-greetsiel.de\/wp-content\/uploads\/2020\/12\/Zaun-768x1152.jpg 768w, https:\/\/auf-reede-greetsiel.de\/wp-content\/uploads\/2020\/12\/Zaun.jpg 800w\" sizes=\"auto, (max-width: 683px) 100vw, 683px\" \/><\/figure><div class=\"wp-block-media-text__content\">\n<p>Der &#8218;wundersch\u00f6ne&#8216; Zaun an der Einfahrt ist doch mittlerweile in die Jahre gekommen und teilweise ein wenig morsch. <\/p>\n\n\n\n<p>Ersetzen? <\/p>\n\n\n\n<p>Ja &#8211; aber womit? <\/p>\n\n\n\n<p>Ein Sichtschutzzaun soll es wieder werden, schlie\u00dflich ist die Terrasse gleich dahinter. Trotzdem soll er luftig sein. Modern und freundlich w\u00e4re toll. Nat\u00fcrlich mit Tor, damit unsere G\u00e4ste auch ihre Fahrr\u00e4der in die H\u00fctte stellen k\u00f6nnen. Windlast, salzhaltige Luft,&#8230;.. Wir h\u00e4tten nicht gedacht, dass man sich so viele Gedanken zu einem Zaun machen kann, haben uns aber doch entscheiden k\u00f6nnen \ud83d\ude42<\/p>\n\n\n\n<p>Bestellt, geliefert, aufgebaut&#8230; Die ereignislose Zeit w\u00e4hrend des &#8218;Lockdown -Light&#8216; haben wir gut genutzt &#8211; denken wir zumindest. <\/p>\n<\/div><\/div>\n\n\n\n<p style=\"font-size:24px\"><strong>Feedback<\/strong><\/p>\n\n\n\n<p>Das \u00fcberaus positive Feedback von unseren G\u00e4sten hat uns sehr gefreut. Sch\u00f6nen Dank daf\u00fcr!<br>Einige W\u00fcnsche wurden an uns herangetragen. So haben wir nun Espressotassen, gr\u00f6\u00dfere Schneidebretter und f\u00fcr die Teatime ein St\u00f6vchen angeschafft.<\/p>\n\n\n\n<p><\/p>\n","protected":false},"excerpt":{"rendered":"<p>Und dann ist da noch das zweite Projekt: Der &#8218;wundersch\u00f6ne&#8216; Zaun an der Einfahrt ist doch mittlerweile in die Jahre gekommen und teilweise ein wenig morsch. Ersetzen? Ja &#8211; aber womit? Ein Sichtschutzzaun soll es wieder werden, schlie\u00dflich ist die<\/p>\n","protected":false},"author":1,"featured_media":0,"comment_status":"open","ping_status":"open","sticky":false,"template":"","format":"standard","meta":{"footnotes":""},"categories":[9,19],"tags":[20,12,16,27],"class_list":["post-1096","post","type-post","status-publish","format-standard","hentry","category-einrichtung","category-feedback","tag-feedback","tag-garten","tag-terrasse","tag-zaun"],"_links":{"self":[{"href":"https:\/\/auf-reede-greetsiel.de\/index.php?rest_route=\/wp\/v2\/posts\/1096","targetHints":{"allow":["GET"]}}],"collection":[{"href":"https:\/\/auf-reede-greetsiel.de\/index.php?rest_route=\/wp\/v2\/posts"}],"about":[{"href":"https:\/\/auf-reede-greetsiel.de\/index.php?rest_route=\/wp\/v2\/types\/post"}],"author":[{"embeddable":true,"href":"https:\/\/auf-reede-greetsiel.de\/index.php?rest_route=\/wp\/v2\/users\/1"}],"replies":[{"embeddable":true,"href":"https:\/\/auf-reede-greetsiel.de\/index.php?rest_route=%2Fwp%2Fv2%2Fcomments&post=1096"}],"version-history":[{"count":3,"href":"https:\/\/auf-reede-greetsiel.de\/index.php?rest_route=\/wp\/v2\/posts\/1096\/revisions"}],"predecessor-version":[{"id":1819,"href":"https:\/\/auf-reede-greetsiel.de\/index.php?rest_route=\/wp\/v2\/posts\/1096\/revisions\/1819"}],"wp:attachment":[{"href":"https:\/\/auf-reede-greetsiel.de\/index.php?rest_route=%2Fwp%2Fv2%2Fmedia&parent=1096"}],"wp:term":[{"taxonomy":"category","embeddable":true,"href":"https:\/\/auf-reede-greetsiel.de\/index.php?rest_route=%2Fwp%2Fv2%2Fcategories&post=1096"},{"taxonomy":"post_tag","embeddable":true,"href":"https:\/\/auf-reede-greetsiel.de\/index.php?rest_route=%2Fwp%2Fv2%2Ftags&post=1096"}],"curies":[{"name":"wp","href":"https:\/\/api.w.org\/{rel}","templated":true}]}}