{"id":1818,"date":"2024-03-17T16:34:04","date_gmt":"2024-03-17T15:34:04","guid":{"rendered":"https:\/\/auf-reede-greetsiel.de\/?p=1818"},"modified":"2024-06-16T17:08:30","modified_gmt":"2024-06-16T15:08:30","slug":"ferienhaus-upgrade-2024","status":"publish","type":"post","link":"https:\/\/auf-reede-greetsiel.de\/?p=1818","title":{"rendered":"Ferienhaus &#8211; Upgrade 2024"},"content":{"rendered":"\n<p>Irgendwann musste es passieren &#8211; die Gemeinde hat im November 2023 (berechtigt) beanstandet, dass unsere Hecke den Gehweg \u00fcberwuchert. Also ran an die Planung&#8230;.<\/p>\n\n\n\n<div class=\"wp-block-columns is-layout-flex wp-container-core-columns-is-layout-9d6595d7 wp-block-columns-is-layout-flex\">\n<div class=\"wp-block-column is-layout-flow wp-block-column-is-layout-flow\" style=\"flex-basis:33.33%\">\n<p>Das Entfernen der Hecke muss wegen der Gesetzgebung bis Ende Februar erledigt sein. Zwischendurch haben bereits G\u00e4ste gebucht, die mit den Arbeiten nicht gest\u00f6rt werden sollen und bis Ostern soll die Terrasse wieder sichtgesch\u00fctzt zug\u00e4nglich sein. Die Zeit dr\u00e4ngt also und die Rahmenbedingungen mit dem verregneten Herbst und Winter kommen uns nicht gerade entgegen.<br><br><\/p>\n<\/div>\n\n\n\n<div class=\"wp-block-column is-layout-flow wp-block-column-is-layout-flow\" style=\"flex-basis:66.66%\">\n<div class=\"alignnormal\"><div id=\"metaslider-id-1823\" style=\"width: 100%;\" class=\"ml-slider-3-98-0 metaslider metaslider-nivo metaslider-1823 ml-slider ms-theme-default\" role=\"region\" aria-roledescription=\"Slideshow\" aria-label=\"Zaunbau\" data-width=\"700\">\n    <div id=\"metaslider_container_1823\">\n        <div class='slider-wrapper theme-default'><div class='ribbon'><\/div><div id='metaslider_1823' class='nivoSlider'><img loading=\"lazy\" decoding=\"async\" src=\"https:\/\/auf-reede-greetsiel.de\/wp-content\/uploads\/2024\/03\/IMG_4614-scaled-700x400.jpeg\" height=\"400\" width=\"700\" title=\"IMG_4614\" alt=\"\" class=\"slider-1823 slide-1830\" \/><img loading=\"lazy\" decoding=\"async\" src=\"https:\/\/auf-reede-greetsiel.de\/wp-content\/uploads\/2024\/03\/IMG_4621-scaled-700x400.jpeg\" height=\"400\" width=\"700\" title=\"IMG_4621\" alt=\"\" class=\"slider-1823 slide-1824\" \/><img loading=\"lazy\" decoding=\"async\" src=\"https:\/\/auf-reede-greetsiel.de\/wp-content\/uploads\/2024\/03\/IMG_4607-scaled-700x400.jpeg\" height=\"400\" width=\"700\" title=\"IMG_4607\" alt=\"\" class=\"slider-1823 slide-1825\" \/><img loading=\"lazy\" decoding=\"async\" src=\"https:\/\/auf-reede-greetsiel.de\/wp-content\/uploads\/2024\/03\/IMG_4819-scaled-700x400.jpeg\" height=\"400\" width=\"700\" title=\"IMG_4819\" alt=\"\" class=\"slider-1823 slide-1834\" \/><img loading=\"lazy\" decoding=\"async\" src=\"https:\/\/auf-reede-greetsiel.de\/wp-content\/uploads\/2024\/03\/IMG_4820-scaled-700x400.jpeg\" height=\"400\" width=\"700\" title=\"IMG_4820\" alt=\"\" class=\"slider-1823 slide-1826\" \/><img loading=\"lazy\" decoding=\"async\" src=\"https:\/\/auf-reede-greetsiel.de\/wp-content\/uploads\/2024\/03\/IMG_5101-scaled-700x400.jpeg\" height=\"400\" width=\"700\" title=\"IMG_5101\" alt=\"\" class=\"slider-1823 slide-1827\" \/><img loading=\"lazy\" decoding=\"async\" src=\"https:\/\/auf-reede-greetsiel.de\/wp-content\/uploads\/2024\/03\/IMG_5109-scaled-700x400.jpeg\" height=\"400\" width=\"700\" title=\"IMG_5109\" alt=\"\" class=\"slider-1823 slide-1828\" \/><img loading=\"lazy\" decoding=\"async\" src=\"https:\/\/auf-reede-greetsiel.de\/wp-content\/uploads\/2024\/03\/IMG_5141-scaled-700x400.jpeg\" height=\"400\" width=\"700\" title=\"IMG_5141\" alt=\"\" class=\"slider-1823 slide-1835\" \/><img loading=\"lazy\" decoding=\"async\" src=\"https:\/\/auf-reede-greetsiel.de\/wp-content\/uploads\/2024\/03\/IMG_5150-scaled-700x400.jpeg\" height=\"400\" width=\"700\" title=\"IMG_5150\" alt=\"\" class=\"slider-1823 slide-1829\" \/><\/div><\/div>\n        \n    <\/div>\n<\/div><\/div>\n<\/div>\n<\/div>\n\n\n\n<p>An einem eisigen Tag im Januar mit leichtem Glatteis ist es dann so weit. Die Hecke verschwindet, unser Garten ist schon von weitem frei einsehbar&#8230;<br><br>&#x26c8;&#xfe0f; Regen &#x26c8;&#xfe0f; &#8211; der Grundwasserspiegel steht in Greetsiel hoch &#8211; zu hoch um die Zaunpf\u00e4hle einbetonieren zu k\u00f6nnen. Also warten wir auf besseres Wetter. &#x2600;&#xfe0f;<br><br>Anfang M\u00e4rz kann der Zaun dann endlich gesetzt werden. Und wie immer muss etwas schief gehen. Der alte Zaun war dann doch komplett in Beton gesetzt, schweres Ger\u00e4t muss her. Nach ein paar zus\u00e4tzlichen Stunden steht der Zaun endlich. Ein paar Tage sp\u00e4ter werden die neue Hecke eingepflanzt und die Sichtschutzstreifen eingezogen.<\/p>\n","protected":false},"excerpt":{"rendered":"<p>Irgendwann musste es passieren &#8211; die Gemeinde hat im November 2023 (berechtigt) beanstandet, dass unsere Hecke den Gehweg \u00fcberwuchert. Also ran an die Planung&#8230;. Das Entfernen der Hecke muss wegen der Gesetzgebung bis Ende Februar erledigt sein. Zwischendurch haben bereits<\/p>\n","protected":false},"author":1,"featured_media":0,"comment_status":"open","ping_status":"open","sticky":false,"template":"","format":"standard","meta":{"footnotes":""},"categories":[29],"tags":[12,16,27],"class_list":["post-1818","post","type-post","status-publish","format-standard","hentry","category-garten","tag-garten","tag-terrasse","tag-zaun"],"_links":{"self":[{"href":"https:\/\/auf-reede-greetsiel.de\/index.php?rest_route=\/wp\/v2\/posts\/1818","targetHints":{"allow":["GET"]}}],"collection":[{"href":"https:\/\/auf-reede-greetsiel.de\/index.php?rest_route=\/wp\/v2\/posts"}],"about":[{"href":"https:\/\/auf-reede-greetsiel.de\/index.php?rest_route=\/wp\/v2\/types\/post"}],"author":[{"embeddable":true,"href":"https:\/\/auf-reede-greetsiel.de\/index.php?rest_route=\/wp\/v2\/users\/1"}],"replies":[{"embeddable":true,"href":"https:\/\/auf-reede-greetsiel.de\/index.php?rest_route=%2Fwp%2Fv2%2Fcomments&post=1818"}],"version-history":[{"count":5,"href":"https:\/\/auf-reede-greetsiel.de\/index.php?rest_route=\/wp\/v2\/posts\/1818\/revisions"}],"predecessor-version":[{"id":1838,"href":"https:\/\/auf-reede-greetsiel.de\/index.php?rest_route=\/wp\/v2\/posts\/1818\/revisions\/1838"}],"wp:attachment":[{"href":"https:\/\/auf-reede-greetsiel.de\/index.php?rest_route=%2Fwp%2Fv2%2Fmedia&parent=1818"}],"wp:term":[{"taxonomy":"category","embeddable":true,"href":"https:\/\/auf-reede-greetsiel.de\/index.php?rest_route=%2Fwp%2Fv2%2Fcategories&post=1818"},{"taxonomy":"post_tag","embeddable":true,"href":"https:\/\/auf-reede-greetsiel.de\/index.php?rest_route=%2Fwp%2Fv2%2Ftags&post=1818"}],"curies":[{"name":"wp","href":"https:\/\/api.w.org\/{rel}","templated":true}]}}