{"id":1914,"date":"2024-04-11T16:58:15","date_gmt":"2024-04-11T14:58:15","guid":{"rendered":"https:\/\/auf-reede-greetsiel.de\/?p=1914"},"modified":"2024-06-16T17:00:09","modified_gmt":"2024-06-16T15:00:09","slug":"ferienhaus-upgrade-2024-die-zweite","status":"publish","type":"post","link":"https:\/\/auf-reede-greetsiel.de\/?p=1914","title":{"rendered":"Ferienhaus &#8211; Upgrade 2024, die Zweite"},"content":{"rendered":"\n<p>Bei der Fugensanierung des Hauses war die alte Markise im Weg. In die Jahre gekommen und ohnehin eines der Teile, die wir ersetzen wollten&#8230;.<br>Irgendwie scheinen unsere Gespr\u00e4che \u00fcber die gr\u00f6\u00dferen Umgestaltungen den Weg in die personalisierte Werbung der Social Media gefunden zu haben. Seit Anfang Januar wurden jedenfalls verschiedene Arten von Terrassen\u00fcberdachungen in Timeline und \u00dcbersichten angezeigt. Genau das, was wir (anscheinend) gesucht haben&#8230;.<\/p>\n\n\n\n<div class=\"wp-block-media-text is-stacked-on-mobile\" style=\"grid-template-columns:33% auto\"><figure class=\"wp-block-media-text__media\"><img loading=\"lazy\" decoding=\"async\" width=\"768\" height=\"1024\" src=\"https:\/\/auf-reede-greetsiel.de\/wp-content\/uploads\/2024\/06\/IMG_5262-768x1024.jpeg\" alt=\"\" class=\"wp-image-1913 size-full\" srcset=\"https:\/\/auf-reede-greetsiel.de\/wp-content\/uploads\/2024\/06\/IMG_5262-768x1024.jpeg 768w, https:\/\/auf-reede-greetsiel.de\/wp-content\/uploads\/2024\/06\/IMG_5262-225x300.jpeg 225w, https:\/\/auf-reede-greetsiel.de\/wp-content\/uploads\/2024\/06\/IMG_5262-1152x1536.jpeg 1152w, https:\/\/auf-reede-greetsiel.de\/wp-content\/uploads\/2024\/06\/IMG_5262-1536x2048.jpeg 1536w, https:\/\/auf-reede-greetsiel.de\/wp-content\/uploads\/2024\/06\/IMG_5262-scaled.jpeg 1920w\" sizes=\"auto, (max-width: 768px) 100vw, 768px\" \/><\/figure><div class=\"wp-block-media-text__content\">\n<p class=\"has-text-align-left\">Ende Januar bestellt, mit Wunschlieferdatum Anfang M\u00e4rz, kam die Lieferung der 9 Pakete mit fast 290kg dann doch erst nach Ostern an. Sch\u00f6nen Dank nochmal an den Vermietungsservice Lohmann und unsere G\u00e4ste, die die Lieferung f\u00fcr uns angenommen und eingelagert haben.<\/p>\n\n\n\n<p class=\"has-text-align-left\">In einer Buchungsl\u00fccke nach Ostern, in der auch die Fugensanierung abgeschlossen werden sollte, ging es dann trotz Ansage von Regen an den Aufbau, der laut Werbung kinderleicht und in weniger als 4 Stunden zu Zweit zu bewerkstelligen ist. &#x1f923;<\/p>\n\n\n\n<p class=\"has-text-align-left\">Am Abend stand das gute St\u00fcck immerhin und war bereits elektrisch angeschlossen, bevor der Regen dann doch zu stark wurde. Ein paar kleinere Restarbeiten und die Verankerung im Boden konnten wir dann am n\u00e4chsten Morgen bei strahlendem Sonnenschein abschlie\u00dfen.<\/p>\n\n\n\n<p class=\"has-text-align-left\">Wir sind rundum zufrieden mit dem Ergebnis. &#x1f600;<br>&#x2600;&#xfe0f; Der Sommer kann kommen! Wir hoffen, Sie haben sch\u00f6ne Stunden auf der Terrasse! &#x2600;&#xfe0f;<\/p>\n<\/div><\/div>\n\n\n\n<div class=\"wp-block-columns is-layout-flex wp-container-core-columns-is-layout-9d6595d7 wp-block-columns-is-layout-flex\">\n<div class=\"wp-block-column is-layout-flow wp-block-column-is-layout-flow\">\n<figure class=\"wp-block-image size-large\"><img loading=\"lazy\" decoding=\"async\" width=\"1024\" height=\"768\" src=\"https:\/\/auf-reede-greetsiel.de\/wp-content\/uploads\/2024\/06\/IMG_5265-1024x768.jpeg\" alt=\"\" class=\"wp-image-1912\" srcset=\"https:\/\/auf-reede-greetsiel.de\/wp-content\/uploads\/2024\/06\/IMG_5265-1024x768.jpeg 1024w, https:\/\/auf-reede-greetsiel.de\/wp-content\/uploads\/2024\/06\/IMG_5265-300x225.jpeg 300w, https:\/\/auf-reede-greetsiel.de\/wp-content\/uploads\/2024\/06\/IMG_5265-768x576.jpeg 768w, https:\/\/auf-reede-greetsiel.de\/wp-content\/uploads\/2024\/06\/IMG_5265-1536x1152.jpeg 1536w, https:\/\/auf-reede-greetsiel.de\/wp-content\/uploads\/2024\/06\/IMG_5265-2048x1536.jpeg 2048w\" sizes=\"auto, (max-width: 1024px) 100vw, 1024px\" \/><\/figure>\n\n\n\n<figure class=\"wp-block-image size-large\"><img loading=\"lazy\" decoding=\"async\" width=\"1024\" height=\"768\" src=\"https:\/\/auf-reede-greetsiel.de\/wp-content\/uploads\/2024\/06\/IMG_5270-1024x768.jpeg\" alt=\"\" class=\"wp-image-1911\" srcset=\"https:\/\/auf-reede-greetsiel.de\/wp-content\/uploads\/2024\/06\/IMG_5270-1024x768.jpeg 1024w, https:\/\/auf-reede-greetsiel.de\/wp-content\/uploads\/2024\/06\/IMG_5270-300x225.jpeg 300w, https:\/\/auf-reede-greetsiel.de\/wp-content\/uploads\/2024\/06\/IMG_5270-768x576.jpeg 768w, https:\/\/auf-reede-greetsiel.de\/wp-content\/uploads\/2024\/06\/IMG_5270-1536x1152.jpeg 1536w, https:\/\/auf-reede-greetsiel.de\/wp-content\/uploads\/2024\/06\/IMG_5270-2048x1536.jpeg 2048w\" sizes=\"auto, (max-width: 1024px) 100vw, 1024px\" \/><\/figure>\n<\/div>\n\n\n\n<div class=\"wp-block-column is-layout-flow wp-block-column-is-layout-flow\">\n<figure class=\"wp-block-image size-large\"><img loading=\"lazy\" decoding=\"async\" width=\"768\" height=\"1024\" src=\"https:\/\/auf-reede-greetsiel.de\/wp-content\/uploads\/2024\/06\/IMG_5272-768x1024.jpeg\" alt=\"\" class=\"wp-image-1908\" srcset=\"https:\/\/auf-reede-greetsiel.de\/wp-content\/uploads\/2024\/06\/IMG_5272-768x1024.jpeg 768w, https:\/\/auf-reede-greetsiel.de\/wp-content\/uploads\/2024\/06\/IMG_5272-225x300.jpeg 225w, https:\/\/auf-reede-greetsiel.de\/wp-content\/uploads\/2024\/06\/IMG_5272-1152x1536.jpeg 1152w, https:\/\/auf-reede-greetsiel.de\/wp-content\/uploads\/2024\/06\/IMG_5272-1536x2048.jpeg 1536w, https:\/\/auf-reede-greetsiel.de\/wp-content\/uploads\/2024\/06\/IMG_5272-scaled.jpeg 1920w\" sizes=\"auto, (max-width: 768px) 100vw, 768px\" \/><\/figure>\n<\/div>\n\n\n\n<div class=\"wp-block-column is-layout-flow wp-block-column-is-layout-flow\">\n<figure class=\"wp-block-image size-large\"><img loading=\"lazy\" decoding=\"async\" width=\"768\" height=\"1024\" src=\"https:\/\/auf-reede-greetsiel.de\/wp-content\/uploads\/2024\/06\/IMG_5288-768x1024.jpeg\" alt=\"\" class=\"wp-image-1909\" srcset=\"https:\/\/auf-reede-greetsiel.de\/wp-content\/uploads\/2024\/06\/IMG_5288-768x1024.jpeg 768w, https:\/\/auf-reede-greetsiel.de\/wp-content\/uploads\/2024\/06\/IMG_5288-225x300.jpeg 225w, https:\/\/auf-reede-greetsiel.de\/wp-content\/uploads\/2024\/06\/IMG_5288-1152x1536.jpeg 1152w, https:\/\/auf-reede-greetsiel.de\/wp-content\/uploads\/2024\/06\/IMG_5288-1536x2048.jpeg 1536w, https:\/\/auf-reede-greetsiel.de\/wp-content\/uploads\/2024\/06\/IMG_5288-scaled.jpeg 1920w\" sizes=\"auto, (max-width: 768px) 100vw, 768px\" \/><\/figure>\n<\/div>\n<\/div>\n","protected":false},"excerpt":{"rendered":"<p>Bei der Fugensanierung des Hauses war die alte Markise im Weg. In die Jahre gekommen und ohnehin eines der Teile, die wir ersetzen wollten&#8230;.Irgendwie scheinen unsere Gespr\u00e4che \u00fcber die gr\u00f6\u00dferen Umgestaltungen den Weg in die personalisierte Werbung der Social Media<\/p>\n","protected":false},"author":1,"featured_media":0,"comment_status":"open","ping_status":"open","sticky":false,"template":"","format":"standard","meta":{"footnotes":""},"categories":[29],"tags":[12,16],"class_list":["post-1914","post","type-post","status-publish","format-standard","hentry","category-garten","tag-garten","tag-terrasse"],"_links":{"self":[{"href":"https:\/\/auf-reede-greetsiel.de\/index.php?rest_route=\/wp\/v2\/posts\/1914","targetHints":{"allow":["GET"]}}],"collection":[{"href":"https:\/\/auf-reede-greetsiel.de\/index.php?rest_route=\/wp\/v2\/posts"}],"about":[{"href":"https:\/\/auf-reede-greetsiel.de\/index.php?rest_route=\/wp\/v2\/types\/post"}],"author":[{"embeddable":true,"href":"https:\/\/auf-reede-greetsiel.de\/index.php?rest_route=\/wp\/v2\/users\/1"}],"replies":[{"embeddable":true,"href":"https:\/\/auf-reede-greetsiel.de\/index.php?rest_route=%2Fwp%2Fv2%2Fcomments&post=1914"}],"version-history":[{"count":4,"href":"https:\/\/auf-reede-greetsiel.de\/index.php?rest_route=\/wp\/v2\/posts\/1914\/revisions"}],"predecessor-version":[{"id":1918,"href":"https:\/\/auf-reede-greetsiel.de\/index.php?rest_route=\/wp\/v2\/posts\/1914\/revisions\/1918"}],"wp:attachment":[{"href":"https:\/\/auf-reede-greetsiel.de\/index.php?rest_route=%2Fwp%2Fv2%2Fmedia&parent=1914"}],"wp:term":[{"taxonomy":"category","embeddable":true,"href":"https:\/\/auf-reede-greetsiel.de\/index.php?rest_route=%2Fwp%2Fv2%2Fcategories&post=1914"},{"taxonomy":"post_tag","embeddable":true,"href":"https:\/\/auf-reede-greetsiel.de\/index.php?rest_route=%2Fwp%2Fv2%2Ftags&post=1914"}],"curies":[{"name":"wp","href":"https:\/\/api.w.org\/{rel}","templated":true}]}}